{"id":8538,"date":"2025-12-11T09:55:29","date_gmt":"2025-12-11T08:55:29","guid":{"rendered":"https:\/\/www.sigmund-schuckert-gymnasium.de\/wordpress\/?p=8538"},"modified":"2025-12-11T09:56:37","modified_gmt":"2025-12-11T08:56:37","slug":"weihnachtskonzert-2025","status":"publish","type":"post","link":"https:\/\/www.sigmund-schuckert-gymnasium.de\/wordpress\/2025\/12\/11\/weihnachtskonzert-2025\/","title":{"rendered":"Weihnachtskonzert 2025"},"content":{"rendered":"<p><img loading=\"lazy\" decoding=\"async\" class=\"size-full wp-image-8539\" src=\"https:\/\/www.sigmund-schuckert-gymnasium.de\/wordpress\/wp-content\/uploads\/2025\/12\/Plakat_18-12-25.jpg\" alt=\"\" width=\"1035\" height=\"1605\" srcset=\"https:\/\/www.sigmund-schuckert-gymnasium.de\/wordpress\/wp-content\/uploads\/2025\/12\/Plakat_18-12-25.jpg 1035w, https:\/\/www.sigmund-schuckert-gymnasium.de\/wordpress\/wp-content\/uploads\/2025\/12\/Plakat_18-12-25-193x300.jpg 193w, https:\/\/www.sigmund-schuckert-gymnasium.de\/wordpress\/wp-content\/uploads\/2025\/12\/Plakat_18-12-25-660x1024.jpg 660w, https:\/\/www.sigmund-schuckert-gymnasium.de\/wordpress\/wp-content\/uploads\/2025\/12\/Plakat_18-12-25-768x1191.jpg 768w, https:\/\/www.sigmund-schuckert-gymnasium.de\/wordpress\/wp-content\/uploads\/2025\/12\/Plakat_18-12-25-991x1536.jpg 991w\" sizes=\"auto, (max-width: 1035px) 100vw, 1035px\" \/><\/p>\n<p>Herzliche Einladung zum diesj\u00e4hrigen Weihnachtskonzert. Bitte beachten Sie den neuen Veranstaltungsort. <!--more-->Das Konzert findet in diesem Jahr erstmals in der Kirche St. Wolfgang (Friesenstra\u00dfe 17, 90441 N\u00fcrnberg) statt. Die Kirche liegt in einem Wohngebiet mit sehr begrenzten Parkm\u00f6glichkeiten. Bitte nutzen Sie deshalb die \u00f6ffentlichen Verkehrsmittel, um zum Konzert zu kommen. Die Kirche ist gut erreichbar \u00fcber die S2 (Haltestelle Sandreuth), bzw. \u00fcber die Haltestelle &#8222;Hohe Marter&#8220; der U2.<\/p>\n<p>Wir freuen uns auf Ihren Besuch!<\/p>\n<p>Ines Roid<\/p>\n<p>f\u00fcr die Fachschaft Musik<\/p>\n","protected":false},"excerpt":{"rendered":"<p>Herzliche Einladung zum diesj\u00e4hrigen Weihnachtskonzert. Bitte beachten Sie den neuen Veranstaltungsort.<\/p>\n","protected":false},"author":1,"featured_media":8539,"comment_status":"closed","ping_status":"closed","sticky":false,"template":"","format":"standard","meta":{"cybocfi_hide_featured_image":"yes","footnotes":""},"categories":[1],"tags":[],"class_list":["post-8538","post","type-post","status-publish","format-standard","has-post-thumbnail","hentry","category-allgemein"],"_links":{"self":[{"href":"https:\/\/www.sigmund-schuckert-gymnasium.de\/wordpress\/wp-json\/wp\/v2\/posts\/8538","targetHints":{"allow":["GET"]}}],"collection":[{"href":"https:\/\/www.sigmund-schuckert-gymnasium.de\/wordpress\/wp-json\/wp\/v2\/posts"}],"about":[{"href":"https:\/\/www.sigmund-schuckert-gymnasium.de\/wordpress\/wp-json\/wp\/v2\/types\/post"}],"author":[{"embeddable":true,"href":"https:\/\/www.sigmund-schuckert-gymnasium.de\/wordpress\/wp-json\/wp\/v2\/users\/1"}],"replies":[{"embeddable":true,"href":"https:\/\/www.sigmund-schuckert-gymnasium.de\/wordpress\/wp-json\/wp\/v2\/comments?post=8538"}],"version-history":[{"count":2,"href":"https:\/\/www.sigmund-schuckert-gymnasium.de\/wordpress\/wp-json\/wp\/v2\/posts\/8538\/revisions"}],"predecessor-version":[{"id":8541,"href":"https:\/\/www.sigmund-schuckert-gymnasium.de\/wordpress\/wp-json\/wp\/v2\/posts\/8538\/revisions\/8541"}],"wp:featuredmedia":[{"embeddable":true,"href":"https:\/\/www.sigmund-schuckert-gymnasium.de\/wordpress\/wp-json\/wp\/v2\/media\/8539"}],"wp:attachment":[{"href":"https:\/\/www.sigmund-schuckert-gymnasium.de\/wordpress\/wp-json\/wp\/v2\/media?parent=8538"}],"wp:term":[{"taxonomy":"category","embeddable":true,"href":"https:\/\/www.sigmund-schuckert-gymnasium.de\/wordpress\/wp-json\/wp\/v2\/categories?post=8538"},{"taxonomy":"post_tag","embeddable":true,"href":"https:\/\/www.sigmund-schuckert-gymnasium.de\/wordpress\/wp-json\/wp\/v2\/tags?post=8538"}],"curies":[{"name":"wp","href":"https:\/\/api.w.org\/{rel}","templated":true}]}}