{"id":8463,"date":"2025-10-19T17:43:00","date_gmt":"2025-10-19T15:43:00","guid":{"rendered":"https:\/\/www.sigmund-schuckert-gymnasium.de\/wordpress\/?p=8463"},"modified":"2025-10-19T17:43:00","modified_gmt":"2025-10-19T15:43:00","slug":"der-leseclub-bei-der-buchpremiere-von-greta-grimaldi-lesung-des-autors-am-ssg","status":"publish","type":"post","link":"https:\/\/www.sigmund-schuckert-gymnasium.de\/wordpress\/2025\/10\/19\/der-leseclub-bei-der-buchpremiere-von-greta-grimaldi-lesung-des-autors-am-ssg\/","title":{"rendered":"Der Leseclub bei der Buchpremiere von \u201eGreta Grimaldi\u201c \u2013 Lesung des Autors am SSG"},"content":{"rendered":"<p><!--more--><\/p>\n<p><img loading=\"lazy\" decoding=\"async\" class=\"size-medium wp-image-8470 alignright\" src=\"https:\/\/www.sigmund-schuckert-gymnasium.de\/wordpress\/wp-content\/uploads\/2025\/10\/Buchcover-193x300.jpg\" alt=\"\" width=\"193\" height=\"300\" srcset=\"https:\/\/www.sigmund-schuckert-gymnasium.de\/wordpress\/wp-content\/uploads\/2025\/10\/Buchcover-193x300.jpg 193w, https:\/\/www.sigmund-schuckert-gymnasium.de\/wordpress\/wp-content\/uploads\/2025\/10\/Buchcover-659x1024.jpg 659w, https:\/\/www.sigmund-schuckert-gymnasium.de\/wordpress\/wp-content\/uploads\/2025\/10\/Buchcover-768x1193.jpg 768w, https:\/\/www.sigmund-schuckert-gymnasium.de\/wordpress\/wp-content\/uploads\/2025\/10\/Buchcover-989x1536.jpg 989w, https:\/\/www.sigmund-schuckert-gymnasium.de\/wordpress\/wp-content\/uploads\/2025\/10\/Buchcover-scaled.jpg 1319w\" sizes=\"auto, (max-width: 193px) 100vw, 193px\" \/><span style=\"font-size: 1.125rem;\">Dass ein italienischer Autor zur Premiere seines Buches extra nach N\u00fcrnberg kommt, scheint ungew\u00f6hnlich, wird jedoch umso verst\u00e4ndlicher, wenn man sich dessen Roman \u201eGreta Grimaldi und der Junge aus dem Schatten\u201c genauer anschaut. Darin geht es n\u00e4mlich um Kaspar Hauser, um das \u201eKind Europas\u201c wie es vor \u00fcber 200 Jahren in der Presse gehei\u00dfen hat.<\/span><\/p>\n<p>Und in diese Zeit, genauer in das Jahr 1829, l\u00e4sst auch der Autor Davide Morosinotto seine Leserinnen und Leser reisen und entwickelt eine Detektivgeschichte, die sich um den jungen Kaspar Hauser dreht, kurz nachdem dieser in N\u00fcrnberg aufgetaucht ist.<\/p>\n<p><img loading=\"lazy\" decoding=\"async\" class=\"size-medium wp-image-8466 alignleft\" src=\"https:\/\/www.sigmund-schuckert-gymnasium.de\/wordpress\/wp-content\/uploads\/2025\/10\/Einladung_Buchpremiere_GretaGrimaldi-300x211.jpg\" alt=\"\" width=\"300\" height=\"211\" srcset=\"https:\/\/www.sigmund-schuckert-gymnasium.de\/wordpress\/wp-content\/uploads\/2025\/10\/Einladung_Buchpremiere_GretaGrimaldi-300x211.jpg 300w, https:\/\/www.sigmund-schuckert-gymnasium.de\/wordpress\/wp-content\/uploads\/2025\/10\/Einladung_Buchpremiere_GretaGrimaldi-1024x721.jpg 1024w, https:\/\/www.sigmund-schuckert-gymnasium.de\/wordpress\/wp-content\/uploads\/2025\/10\/Einladung_Buchpremiere_GretaGrimaldi-768x541.jpg 768w, https:\/\/www.sigmund-schuckert-gymnasium.de\/wordpress\/wp-content\/uploads\/2025\/10\/Einladung_Buchpremiere_GretaGrimaldi-1536x1082.jpg 1536w, https:\/\/www.sigmund-schuckert-gymnasium.de\/wordpress\/wp-content\/uploads\/2025\/10\/Einladung_Buchpremiere_GretaGrimaldi.jpg 1654w\" sizes=\"auto, (max-width: 300px) 100vw, 300px\" \/>Am Dienstag, dem 14.10.25, fand die Premiere des Romans, zu der der Thienemann-Verlag eingeladen hatte, im Theater Mummpitz in N\u00fcrnberg statt. Und in diesem Rahmen durfte der Leseclub eine besondere Aufgabe \u00fcbernehmen, n\u00e4mlich einzelne Sch\u00fclerinnen sollten weitere B\u00fccher des Autors dem Publikum vorstellen.<\/p>\n<p><img loading=\"lazy\" decoding=\"async\" class=\"size-medium wp-image-8465 alignleft\" src=\"https:\/\/www.sigmund-schuckert-gymnasium.de\/wordpress\/wp-content\/uploads\/2025\/10\/Vorbereitung-300x225.jpg\" alt=\"\" width=\"300\" height=\"225\" srcset=\"https:\/\/www.sigmund-schuckert-gymnasium.de\/wordpress\/wp-content\/uploads\/2025\/10\/Vorbereitung-300x225.jpg 300w, https:\/\/www.sigmund-schuckert-gymnasium.de\/wordpress\/wp-content\/uploads\/2025\/10\/Vorbereitung-1024x768.jpg 1024w, https:\/\/www.sigmund-schuckert-gymnasium.de\/wordpress\/wp-content\/uploads\/2025\/10\/Vorbereitung-768x576.jpg 768w, https:\/\/www.sigmund-schuckert-gymnasium.de\/wordpress\/wp-content\/uploads\/2025\/10\/Vorbereitung-1536x1152.jpg 1536w, https:\/\/www.sigmund-schuckert-gymnasium.de\/wordpress\/wp-content\/uploads\/2025\/10\/Vorbereitung-scaled.jpg 2048w, https:\/\/www.sigmund-schuckert-gymnasium.de\/wordpress\/wp-content\/uploads\/2025\/10\/Vorbereitung-880x660.jpg 880w\" sizes=\"auto, (max-width: 300px) 100vw, 300px\" \/>Die Vorbereitungen hierf\u00fcr fingen schon fr\u00fch an. Wollten die Sch\u00fclerinnen doch nicht nur einen kurzen Klappentext vorlesen, sondern ihre eigenen Impressionen darlegen. Und so hatte jede einzelne das vorzustellende Buch gelesen. Am 6.10.25 wurde dann noch \u2013 extra mit Herrn Thomas Herr vom Theater Rootsl\u00f6ffel in N\u00fcrnberg \u2013 die B\u00fchnenpr\u00e4senz verbessert und einge\u00fcbt. Dennoch war die Anspannung an diesem Abend nat\u00fcrlich bei allen gro\u00df. Aber alle 5 Sch\u00fclerinnen haben es super gemacht.<\/p>\n<p><img loading=\"lazy\" decoding=\"async\" class=\"size-medium wp-image-8469 alignleft\" src=\"https:\/\/www.sigmund-schuckert-gymnasium.de\/wordpress\/wp-content\/uploads\/2025\/10\/Lesung-300x225.jpg\" alt=\"\" width=\"300\" height=\"225\" srcset=\"https:\/\/www.sigmund-schuckert-gymnasium.de\/wordpress\/wp-content\/uploads\/2025\/10\/Lesung-300x225.jpg 300w, https:\/\/www.sigmund-schuckert-gymnasium.de\/wordpress\/wp-content\/uploads\/2025\/10\/Lesung-1024x768.jpg 1024w, https:\/\/www.sigmund-schuckert-gymnasium.de\/wordpress\/wp-content\/uploads\/2025\/10\/Lesung-768x576.jpg 768w, https:\/\/www.sigmund-schuckert-gymnasium.de\/wordpress\/wp-content\/uploads\/2025\/10\/Lesung-1536x1152.jpg 1536w, https:\/\/www.sigmund-schuckert-gymnasium.de\/wordpress\/wp-content\/uploads\/2025\/10\/Lesung-scaled.jpg 2048w, https:\/\/www.sigmund-schuckert-gymnasium.de\/wordpress\/wp-content\/uploads\/2025\/10\/Lesung-880x660.jpg 880w\" sizes=\"auto, (max-width: 300px) 100vw, 300px\" \/>Am 15.10. kam der Autor Davide Morosinotto schlie\u00dflich noch ans SSG, um zusammen mit seiner \u00dcbersetzerin Cornelia Panzacchi sowie Annemarie Alice Olaru, die als deutsche Stimme aus dem Buch vorlas, den Siebtkl\u00e4sslerinnen und Siebtkl\u00e4sslern das Buch vorzustellen und mit den Kindern \u00fcber den Kaspar-Hauser-Stoff zu sprechen.<\/p>\n<table>\n<tbody>\n<tr>\n<td><img loading=\"lazy\" decoding=\"async\" class=\"alignnone size-medium wp-image-8467\" src=\"https:\/\/www.sigmund-schuckert-gymnasium.de\/wordpress\/wp-content\/uploads\/2025\/10\/Interview-2-300x225.jpg\" alt=\"\" width=\"300\" height=\"225\" srcset=\"https:\/\/www.sigmund-schuckert-gymnasium.de\/wordpress\/wp-content\/uploads\/2025\/10\/Interview-2-300x225.jpg 300w, https:\/\/www.sigmund-schuckert-gymnasium.de\/wordpress\/wp-content\/uploads\/2025\/10\/Interview-2-1024x768.jpg 1024w, https:\/\/www.sigmund-schuckert-gymnasium.de\/wordpress\/wp-content\/uploads\/2025\/10\/Interview-2-768x576.jpg 768w, https:\/\/www.sigmund-schuckert-gymnasium.de\/wordpress\/wp-content\/uploads\/2025\/10\/Interview-2-1536x1152.jpg 1536w, https:\/\/www.sigmund-schuckert-gymnasium.de\/wordpress\/wp-content\/uploads\/2025\/10\/Interview-2-scaled.jpg 2048w, https:\/\/www.sigmund-schuckert-gymnasium.de\/wordpress\/wp-content\/uploads\/2025\/10\/Interview-2-880x660.jpg 880w\" sizes=\"auto, (max-width: 300px) 100vw, 300px\" \/><\/td>\n<td><img loading=\"lazy\" decoding=\"async\" class=\"alignnone size-medium wp-image-8468\" src=\"https:\/\/www.sigmund-schuckert-gymnasium.de\/wordpress\/wp-content\/uploads\/2025\/10\/Interview-1-300x225.jpg\" alt=\"\" width=\"300\" height=\"225\" srcset=\"https:\/\/www.sigmund-schuckert-gymnasium.de\/wordpress\/wp-content\/uploads\/2025\/10\/Interview-1-300x225.jpg 300w, https:\/\/www.sigmund-schuckert-gymnasium.de\/wordpress\/wp-content\/uploads\/2025\/10\/Interview-1-1024x768.jpg 1024w, https:\/\/www.sigmund-schuckert-gymnasium.de\/wordpress\/wp-content\/uploads\/2025\/10\/Interview-1-768x576.jpg 768w, https:\/\/www.sigmund-schuckert-gymnasium.de\/wordpress\/wp-content\/uploads\/2025\/10\/Interview-1-1536x1152.jpg 1536w, https:\/\/www.sigmund-schuckert-gymnasium.de\/wordpress\/wp-content\/uploads\/2025\/10\/Interview-1-scaled.jpg 2048w, https:\/\/www.sigmund-schuckert-gymnasium.de\/wordpress\/wp-content\/uploads\/2025\/10\/Interview-1-880x660.jpg 880w\" sizes=\"auto, (max-width: 300px) 100vw, 300px\" \/><\/td>\n<\/tr>\n<\/tbody>\n<\/table>\n<p>Bereitwillig stellte sich Davide Morosinotto auch den Fragen des Leseclubs, der das Interview dieses Mal auf Englisch halten musste. Den Podcast mit dem Interview finden sie hier:<\/p>\n<audio class=\"wp-audio-shortcode\" id=\"audio-8463-1\" preload=\"none\" style=\"width: 100%;\" controls=\"controls\"><source type=\"audio\/mpeg\" src=\"https:\/\/www.sigmund-schuckert-gymnasium.de\/wordpress\/wp-content\/uploads\/2025\/10\/Folge-12_Davide-Morosinotto_fertig-zur-Veroeffentlichung.mp3?_=1\" \/><a href=\"https:\/\/www.sigmund-schuckert-gymnasium.de\/wordpress\/wp-content\/uploads\/2025\/10\/Folge-12_Davide-Morosinotto_fertig-zur-Veroeffentlichung.mp3\">https:\/\/www.sigmund-schuckert-gymnasium.de\/wordpress\/wp-content\/uploads\/2025\/10\/Folge-12_Davide-Morosinotto_fertig-zur-Veroeffentlichung.mp3<\/a><\/audio>\n<p>Vielen Dank an dieser Stelle Frau H\u00f6reth von der Buchhandlung Pelzner, die in der Vorbereitung auf dieses Event den Leseclub mit einbezogen hat und den Kindern somit diesen besonderen Moment erm\u00f6glichte.<\/p>\n<p><span style=\"font-size: 10pt;\">Wolfgang Klenk<\/span><\/p>\n","protected":false},"excerpt":{"rendered":"","protected":false},"author":42,"featured_media":8464,"comment_status":"closed","ping_status":"closed","sticky":false,"template":"","format":"standard","meta":{"cybocfi_hide_featured_image":"","footnotes":""},"categories":[1],"tags":[85],"class_list":["post-8463","post","type-post","status-publish","format-standard","has-post-thumbnail","hentry","category-allgemein","tag-podcast-leseclub"],"_links":{"self":[{"href":"https:\/\/www.sigmund-schuckert-gymnasium.de\/wordpress\/wp-json\/wp\/v2\/posts\/8463","targetHints":{"allow":["GET"]}}],"collection":[{"href":"https:\/\/www.sigmund-schuckert-gymnasium.de\/wordpress\/wp-json\/wp\/v2\/posts"}],"about":[{"href":"https:\/\/www.sigmund-schuckert-gymnasium.de\/wordpress\/wp-json\/wp\/v2\/types\/post"}],"author":[{"embeddable":true,"href":"https:\/\/www.sigmund-schuckert-gymnasium.de\/wordpress\/wp-json\/wp\/v2\/users\/42"}],"replies":[{"embeddable":true,"href":"https:\/\/www.sigmund-schuckert-gymnasium.de\/wordpress\/wp-json\/wp\/v2\/comments?post=8463"}],"version-history":[{"count":2,"href":"https:\/\/www.sigmund-schuckert-gymnasium.de\/wordpress\/wp-json\/wp\/v2\/posts\/8463\/revisions"}],"predecessor-version":[{"id":8473,"href":"https:\/\/www.sigmund-schuckert-gymnasium.de\/wordpress\/wp-json\/wp\/v2\/posts\/8463\/revisions\/8473"}],"wp:featuredmedia":[{"embeddable":true,"href":"https:\/\/www.sigmund-schuckert-gymnasium.de\/wordpress\/wp-json\/wp\/v2\/media\/8464"}],"wp:attachment":[{"href":"https:\/\/www.sigmund-schuckert-gymnasium.de\/wordpress\/wp-json\/wp\/v2\/media?parent=8463"}],"wp:term":[{"taxonomy":"category","embeddable":true,"href":"https:\/\/www.sigmund-schuckert-gymnasium.de\/wordpress\/wp-json\/wp\/v2\/categories?post=8463"},{"taxonomy":"post_tag","embeddable":true,"href":"https:\/\/www.sigmund-schuckert-gymnasium.de\/wordpress\/wp-json\/wp\/v2\/tags?post=8463"}],"curies":[{"name":"wp","href":"https:\/\/api.w.org\/{rel}","templated":true}]}}