{"id":5896,"date":"2022-06-24T11:03:37","date_gmt":"2022-06-24T09:03:37","guid":{"rendered":"https:\/\/www.sigmund-schuckert-gymnasium.de\/wordpress\/?p=5896"},"modified":"2022-06-25T14:43:30","modified_gmt":"2022-06-25T12:43:30","slug":"rememberrathenau-es-lebe-die-demokratie-klasse-9a-bei-der-nuernberger-unesco-aktion-am-24-6-22","status":"publish","type":"post","link":"https:\/\/www.sigmund-schuckert-gymnasium.de\/wordpress\/2022\/06\/24\/rememberrathenau-es-lebe-die-demokratie-klasse-9a-bei-der-nuernberger-unesco-aktion-am-24-6-22\/","title":{"rendered":"#RememberRathenau \u2013 Es lebe die Demokratie!  Klasse 9a bei der N\u00fcrnberger UNESCO-Aktion am 24.6.22"},"content":{"rendered":"<p><!--more--><\/p>\n<p>100 Jahre nach der Ermordung:<\/p>\n<p><span style=\"font-size: 16pt;\"><strong>N\u00fcrnberg erinnert an Walther Rathenau<\/strong><\/span><\/p>\n<p><strong>Weimar.<\/strong> Am 24. Juni 2022 j\u00e4hrt sich die Ermordung Walther Rathenaus zum 100. Mal. Er war eine der zentralen Symbolfiguren der Weimarer Republik, ein j\u00fcdischer Industrieller und Intellektueller, weltl\u00e4ufig, liberal, kunstsinnig und international geachtet. Als Wiederaufbauminister und zuletzt als Au\u00dfenminister setzte er seine ganze Kraft f\u00fcr die Stabilisierung der jungen Demokratie ein und suchte dabei nach Wegen zum Ausgleich und zur Auss\u00f6hnung mit den einstigen Gegnern Deutschlands im Ersten Weltkrieg. Gerade dieses Engagement machte ihn zum Ziel rechter Gewaltt\u00e4ter \u2013 sie erschossen ihn auf offener Stra\u00dfe. <img loading=\"lazy\" decoding=\"async\" class=\"wp-image-5901 alignright\" src=\"https:\/\/www.sigmund-schuckert-gymnasium.de\/wordpress\/wp-content\/uploads\/2022\/06\/Rathenau-2-300x289.jpg\" alt=\"\" width=\"251\" height=\"242\" srcset=\"https:\/\/www.sigmund-schuckert-gymnasium.de\/wordpress\/wp-content\/uploads\/2022\/06\/Rathenau-2-300x289.jpg 300w, https:\/\/www.sigmund-schuckert-gymnasium.de\/wordpress\/wp-content\/uploads\/2022\/06\/Rathenau-2-768x741.jpg 768w, https:\/\/www.sigmund-schuckert-gymnasium.de\/wordpress\/wp-content\/uploads\/2022\/06\/Rathenau-2.jpg 794w\" sizes=\"auto, (max-width: 251px) 100vw, 251px\" \/><\/p>\n<p>Gesellschaft und Politik in der Weimarer Republik reagierten auf diesen Gewaltakt mit Entsetzen: Hunderttausende Menschen in ganz Deutschland demonstrierten gegen Gewalt und f\u00fcr die Republik, der Reichstag verabschiedete das Republikschutzgesetz. Die Weimarer Republik erwies sich als wehrhaft.<\/p>\n<p>Der Mord an Walther Rathenau und das gesellschaftliche Klima, das ihn erst m\u00f6glich machte, besitzen angesichts der zunehmenden Unvers\u00f6hnlichkeit in unserer Gesellschaft eine erschreckende Aktualit\u00e4t. Hass und Hetze gegen politische Gegner, ob auf \u00f6ffentlichen Versammlungen oder via anonymer Mail nehmen zu und bereiten den Weg f\u00fcr Gewalttaten. Sensibilit\u00e4t gegen\u00fcber Ausgrenzungen und Angriffen zu f\u00f6rdern, geh\u00f6rt deshalb zu unseren vordringlichen demokratischen Pflichten.<br \/>\nDeshalb erinnert der Weimarer Republik e.V. gemeinsam mit der UNESCO-Kommission Deutschland, dem Kreisjugendring N\u00fcrnberg und dem Gesch\u00e4ftsbereich Kultur der Stadt N\u00fcrnberg am 24. Juni im Rahmen einer Gedenkveranstaltung an Walther Rathenau. Sie findet um 12.00 Uhr im Au\u00dfenbereich des Jugendtheaters \u201ePf\u00fctze\u201c statt. Die N\u00fcrnberger UNESCO-Projektschulen: die Bertolt-Brecht-Schule, das Hans-Sachs-Gymnasium, das Sigmund-Schuckert-Gymnasium, die Rudolf-Steiner-Schule, sowie die Peter-Henlein-Realschule, beteiligen sich daran. Interessierte B\u00fcrgerinnen und B\u00fcrger sind herzlich zur Teilnahme eingeladen. <img loading=\"lazy\" decoding=\"async\" class=\"size-medium wp-image-5903 aligncenter\" src=\"https:\/\/www.sigmund-schuckert-gymnasium.de\/wordpress\/wp-content\/uploads\/2022\/06\/Vortrag-300x225.jpg\" alt=\"\" width=\"300\" height=\"225\" srcset=\"https:\/\/www.sigmund-schuckert-gymnasium.de\/wordpress\/wp-content\/uploads\/2022\/06\/Vortrag-300x225.jpg 300w, https:\/\/www.sigmund-schuckert-gymnasium.de\/wordpress\/wp-content\/uploads\/2022\/06\/Vortrag-1024x768.jpg 1024w, https:\/\/www.sigmund-schuckert-gymnasium.de\/wordpress\/wp-content\/uploads\/2022\/06\/Vortrag-768x576.jpg 768w, https:\/\/www.sigmund-schuckert-gymnasium.de\/wordpress\/wp-content\/uploads\/2022\/06\/Vortrag-1536x1152.jpg 1536w, https:\/\/www.sigmund-schuckert-gymnasium.de\/wordpress\/wp-content\/uploads\/2022\/06\/Vortrag-scaled.jpg 2048w, https:\/\/www.sigmund-schuckert-gymnasium.de\/wordpress\/wp-content\/uploads\/2022\/06\/Vortrag-880x660.jpg 880w\" sizes=\"auto, (max-width: 300px) 100vw, 300px\" \/><\/p>\n<p>Weitere Informationen finden Sie auf <a href=\"http:\/\/www.walther-rathenau.de\">www.walther-rathenau.de<\/a><\/p>\n<p>(Miriam Doschek &#8211; UNESCO-Beauftragte am SSG)<\/p>\n<p>&nbsp;<\/p>\n","protected":false},"excerpt":{"rendered":"","protected":false},"author":42,"featured_media":5902,"comment_status":"closed","ping_status":"closed","sticky":false,"template":"","format":"standard","meta":{"cybocfi_hide_featured_image":"","footnotes":""},"categories":[1],"tags":[],"class_list":["post-5896","post","type-post","status-publish","format-standard","has-post-thumbnail","hentry","category-allgemein"],"_links":{"self":[{"href":"https:\/\/www.sigmund-schuckert-gymnasium.de\/wordpress\/wp-json\/wp\/v2\/posts\/5896","targetHints":{"allow":["GET"]}}],"collection":[{"href":"https:\/\/www.sigmund-schuckert-gymnasium.de\/wordpress\/wp-json\/wp\/v2\/posts"}],"about":[{"href":"https:\/\/www.sigmund-schuckert-gymnasium.de\/wordpress\/wp-json\/wp\/v2\/types\/post"}],"author":[{"embeddable":true,"href":"https:\/\/www.sigmund-schuckert-gymnasium.de\/wordpress\/wp-json\/wp\/v2\/users\/42"}],"replies":[{"embeddable":true,"href":"https:\/\/www.sigmund-schuckert-gymnasium.de\/wordpress\/wp-json\/wp\/v2\/comments?post=5896"}],"version-history":[{"count":3,"href":"https:\/\/www.sigmund-schuckert-gymnasium.de\/wordpress\/wp-json\/wp\/v2\/posts\/5896\/revisions"}],"predecessor-version":[{"id":5900,"href":"https:\/\/www.sigmund-schuckert-gymnasium.de\/wordpress\/wp-json\/wp\/v2\/posts\/5896\/revisions\/5900"}],"wp:featuredmedia":[{"embeddable":true,"href":"https:\/\/www.sigmund-schuckert-gymnasium.de\/wordpress\/wp-json\/wp\/v2\/media\/5902"}],"wp:attachment":[{"href":"https:\/\/www.sigmund-schuckert-gymnasium.de\/wordpress\/wp-json\/wp\/v2\/media?parent=5896"}],"wp:term":[{"taxonomy":"category","embeddable":true,"href":"https:\/\/www.sigmund-schuckert-gymnasium.de\/wordpress\/wp-json\/wp\/v2\/categories?post=5896"},{"taxonomy":"post_tag","embeddable":true,"href":"https:\/\/www.sigmund-schuckert-gymnasium.de\/wordpress\/wp-json\/wp\/v2\/tags?post=5896"}],"curies":[{"name":"wp","href":"https:\/\/api.w.org\/{rel}","templated":true}]}}