{"id":4047,"date":"2026-02-26T08:00:22","date_gmt":"2026-02-26T07:00:22","guid":{"rendered":"http:\/\/www.sigmund-schuckert-gymnasium.de\/wordpress\/?p=4047"},"modified":"2026-02-26T11:12:12","modified_gmt":"2026-02-26T10:12:12","slug":"talent-im-land-stipendienprogramm","status":"publish","type":"post","link":"https:\/\/www.sigmund-schuckert-gymnasium.de\/wordpress\/2026\/02\/26\/talent-im-land-stipendienprogramm\/","title":{"rendered":"Talent im Land &#8211; Stipendienprogramm"},"content":{"rendered":"<p>Das Staatsministerium f\u00fcr Unterricht und Kultus wird auch in Zukunft besonders begabte und engagierte Sch\u00fclerinnen und Sch\u00fcler aus benachteiligten Familien &#8211; mit und ohne\u00a0 Migrationsgeschichte &#8211; durch das Stipendienprogramm \u201eTalent im Land &#8211; Bayern\u201c (TiL) f\u00f6rdern.<\/p>\n<p>TiL-Stipendiatinnen und Stipendiaten profitieren neben zweckgebundenen monatlichen Bildungsstipendien sowie Zusch\u00fcssen f\u00fcr Zusatzunterricht und Klassenfahrten auch von pers\u00f6nlicher Beratung und einem umfassenden Weiterbildungsangebot.<\/p>\n<p>Die Kurzbewerbung erfolgt online ab dem 01.03.. Bewerbungsschluss ist der 24. April 2026.<br \/>\nWeitere Informationen und den Zugang zu Registrierung und Kurzbewerbung\u00a0 &#8211; auch zu den Bewerbungsbedingungen sowie den Bewerbungsunterlagen &#8211; finden Sie unter:<br \/>\n<a href=\"http:\/\/www.til.bayern.de\">www.til.bayern.de<\/a><\/p>\n<p>Bitte z\u00f6gern Sie nicht, sich bei Herrn Pugler im Direktorat weitere Informationen einzuholen.<\/p>\n","protected":false},"excerpt":{"rendered":"<p>Das Staatsministerium f\u00fcr Unterricht und Kultus wird auch in Zukunft besonders begabte und engagierte Sch\u00fclerinnen<\/p>\n","protected":false},"author":28,"featured_media":5346,"comment_status":"closed","ping_status":"closed","sticky":false,"template":"","format":"standard","meta":{"cybocfi_hide_featured_image":"","footnotes":""},"categories":[1],"tags":[],"class_list":["post-4047","post","type-post","status-publish","format-standard","has-post-thumbnail","hentry","category-allgemein"],"_links":{"self":[{"href":"https:\/\/www.sigmund-schuckert-gymnasium.de\/wordpress\/wp-json\/wp\/v2\/posts\/4047","targetHints":{"allow":["GET"]}}],"collection":[{"href":"https:\/\/www.sigmund-schuckert-gymnasium.de\/wordpress\/wp-json\/wp\/v2\/posts"}],"about":[{"href":"https:\/\/www.sigmund-schuckert-gymnasium.de\/wordpress\/wp-json\/wp\/v2\/types\/post"}],"author":[{"embeddable":true,"href":"https:\/\/www.sigmund-schuckert-gymnasium.de\/wordpress\/wp-json\/wp\/v2\/users\/28"}],"replies":[{"embeddable":true,"href":"https:\/\/www.sigmund-schuckert-gymnasium.de\/wordpress\/wp-json\/wp\/v2\/comments?post=4047"}],"version-history":[{"count":11,"href":"https:\/\/www.sigmund-schuckert-gymnasium.de\/wordpress\/wp-json\/wp\/v2\/posts\/4047\/revisions"}],"predecessor-version":[{"id":8623,"href":"https:\/\/www.sigmund-schuckert-gymnasium.de\/wordpress\/wp-json\/wp\/v2\/posts\/4047\/revisions\/8623"}],"wp:featuredmedia":[{"embeddable":true,"href":"https:\/\/www.sigmund-schuckert-gymnasium.de\/wordpress\/wp-json\/wp\/v2\/media\/5346"}],"wp:attachment":[{"href":"https:\/\/www.sigmund-schuckert-gymnasium.de\/wordpress\/wp-json\/wp\/v2\/media?parent=4047"}],"wp:term":[{"taxonomy":"category","embeddable":true,"href":"https:\/\/www.sigmund-schuckert-gymnasium.de\/wordpress\/wp-json\/wp\/v2\/categories?post=4047"},{"taxonomy":"post_tag","embeddable":true,"href":"https:\/\/www.sigmund-schuckert-gymnasium.de\/wordpress\/wp-json\/wp\/v2\/tags?post=4047"}],"curies":[{"name":"wp","href":"https:\/\/api.w.org\/{rel}","templated":true}]}}